{"id":1247,"date":"2025-05-12T14:52:45","date_gmt":"2025-05-12T14:52:45","guid":{"rendered":"https:\/\/xn--tauernhhenweg-omb.com\/?p=1247"},"modified":"2025-05-12T19:03:19","modified_gmt":"2025-05-12T19:03:19","slug":"mitgliederversammlung-2025","status":"publish","type":"post","link":"https:\/\/xn--tauernhhenweg-omb.com\/?p=1247","title":{"rendered":"Mitgliederversammlung 2025."},"content":{"rendered":"\n<p class=\"has-background\" style=\"background-color:#7bdcb5\"><strong>Auf der Mitgliederversammlung stellt der Interessenverband seine Weichen. In diesem Jahr werden auch personelle Entscheidungen getroffen. Neben dem Vorstand werden auch die Rechnungspr\u00fcfer*innen neu gew\u00e4hlt. Nicht erneut f\u00fcr den Vorstand kandidieren wird Peter Angermann (\u00d6AV-Sektion Mallnitz), derzeit 2. Vorsitzender. Und auch Michael Cremer (DAV-Sektion M\u00fclheim an der Ruhr) wird f\u00fcr den 1. Vorsitz nicht mehr zur Verf\u00fcgung stehen, ist aber bereit, im F\u00fchrungsgremium des Verbands weiter mitzuwirken.<\/strong><\/p>\n\n\n\n<p class=\"has-background has-link-color wp-elements-adb97f7a43a7397b90d3647524f3355e\" style=\"background-color:#d9d9d9\">Somit steht ein kleiner <strong>Wachwechsel<\/strong> an. Denn beide geh\u00f6ren dem Vorstand seit nunmehr sieben Jahren an, sind also seit der Gr\u00fcndung des Verbands federf\u00fchrend dabei. Doch \u00fcbergeben sie die Verbandf\u00fchrung mit einem <strong>soliden Fundament<\/strong> in neue H\u00e4nde, wie auch der <a href=\"https:\/\/xn--tauernhhenweg-omb.com\/wp-content\/uploads\/2025\/03\/IVT_Vorstandsbericht-2024.pdf\" data-type=\"attachment\" data-id=\"1218\" target=\"_blank\" rel=\"noreferrer noopener\">Vorstandsbericht 2024<\/a> unterstreicht, den die Delegierten auf der diesj\u00e4hrigen Verbandstagung entgegennehmen werden. Aufgaben und Herausforderungen gibt es indessen gen\u00fcgend. Denn in diesem Jahr beginnt f\u00fcr ein <strong>wichtiges Verbandsprojekt<\/strong> die <strong>operative Phase<\/strong>. Im Lauf des letzten Jahres wurden <strong>Wegpunkte an der Hauptroute<\/strong> des Tauernh\u00f6henwegs mit einer <strong>QR-Code-Beschilderung<\/strong> versehen. Die letzten vier Punkte werden dieses Jahr die Schilder erhalten. \u00dcber den QR-Codes k\u00f6nnen Tourengeher*innen dann Informationen zum Standort abrufen, dem Verband aber auch <strong>R\u00fcckmeldungen<\/strong> und Hinweise geben, etwa <strong>zum Zustand der Wege<\/strong> oder augenf\u00e4lligen Gel\u00e4ndever\u00e4nderungen. Der Verband strebt g<strong>emeinsam mit der Bergrettung K\u00e4rnten<\/strong> so eine <strong>Verbesserung der Sicherheit<\/strong> und will <strong>auf Beeintr\u00e4chtigungen<\/strong> der alpinen Infrastruktur <strong>besser reagieren<\/strong> k\u00f6nnen. Ein wichtiger Input auf der diesj\u00e4hrigen Mitgliederversammlung kommt von der K\u00e4rntner Nationalparkverwaltung, die \u00fcber ihr <strong>Projekt &#8222;expedition.nationalpark&#8220;<\/strong> berichten wird, dass sich unterschiedlichen Fragen der Regionalentwicklung widmet und dabei auch den <strong>Bergsport und<\/strong> den <strong>Alpintourismus in den Blick<\/strong> nimmt. Die Mitgliederversammlung wird <strong>am 25. Juli 2025 im Mallnitzer Tauernsaal<\/strong> stattfinden. Beginn ist um <strong>15 Uhr<\/strong>. Und schon <strong>am Vorabend<\/strong> l\u00e4dt der Verband zum <strong>Austausch<\/strong> und Beisammensein <strong>im Gasthof Gutenbrunn<\/strong>. <strong>Einladung und Tagesordnung<\/strong> zur Tagung k\u00f6nnen <strong><a href=\"https:\/\/xn--tauernhhenweg-omb.com\/wp-content\/uploads\/2025\/05\/IVT_MV-20250725-Einladung.pdf\" data-type=\"attachment\" data-id=\"1277\" target=\"_blank\" rel=\"noreferrer noopener\">HIER<\/a><\/strong> eingesehen werden.<\/p>\n\n\n\n<figure class=\"wp-block-image aligncenter size-large\"><img loading=\"lazy\" decoding=\"async\" width=\"1024\" height=\"838\" src=\"https:\/\/xn--tauernhhenweg-omb.com\/wp-content\/uploads\/2024\/02\/IVT_Der-Verband_013pa-1024x838.jpg\" alt=\"Mitgliederversammlung 2023 (P. Angermann)\" class=\"wp-image-938\" srcset=\"https:\/\/xn--tauernhhenweg-omb.com\/wp-content\/uploads\/2024\/02\/IVT_Der-Verband_013pa-1024x838.jpg 1024w, https:\/\/xn--tauernhhenweg-omb.com\/wp-content\/uploads\/2024\/02\/IVT_Der-Verband_013pa-300x245.jpg 300w, https:\/\/xn--tauernhhenweg-omb.com\/wp-content\/uploads\/2024\/02\/IVT_Der-Verband_013pa.jpg 1303w\" sizes=\"auto, (max-width: 1024px) 100vw, 1024px\" \/><figcaption class=\"wp-element-caption\">Mitgliederversammlung 2023 (P. Angermann)<\/figcaption><\/figure>\n","protected":false},"excerpt":{"rendered":"<p>Auf der Mitgliederversammlung stellt der Interessenverband seine Weichen. In diesem Jahr werden auch personelle Entscheidungen getroffen. Neben dem Vorstand werden auch die Rechnungspr\u00fcfer*innen neu gew\u00e4hlt. Nicht erneut f\u00fcr den Vorstand kandidieren wird Peter Angermann (\u00d6AV-Sektion Mallnitz), derzeit 2. Vorsitzender. Und auch Michael Cremer (DAV-Sektion M\u00fclheim an der Ruhr) wird f\u00fcr den 1. Vorsitz nicht mehr &hellip; <\/p>\n<p class=\"link-more\"><a href=\"https:\/\/xn--tauernhhenweg-omb.com\/?p=1247\" class=\"more-link\">Mehr <span class=\"screen-reader-text\">\u00fcber &#8222;Mitgliederversammlung 2025.&#8220; <\/span>Lesen<\/a><\/p>\n","protected":false},"author":1,"featured_media":41,"comment_status":"closed","ping_status":"","sticky":false,"template":"","format":"standard","meta":{"footnotes":""},"categories":[6],"tags":[],"class_list":["post-1247","post","type-post","status-publish","format-standard","has-post-thumbnail","hentry","category-ivthw"],"_links":{"self":[{"href":"https:\/\/xn--tauernhhenweg-omb.com\/index.php?rest_route=\/wp\/v2\/posts\/1247","targetHints":{"allow":["GET"]}}],"collection":[{"href":"https:\/\/xn--tauernhhenweg-omb.com\/index.php?rest_route=\/wp\/v2\/posts"}],"about":[{"href":"https:\/\/xn--tauernhhenweg-omb.com\/index.php?rest_route=\/wp\/v2\/types\/post"}],"author":[{"embeddable":true,"href":"https:\/\/xn--tauernhhenweg-omb.com\/index.php?rest_route=\/wp\/v2\/users\/1"}],"replies":[{"embeddable":true,"href":"https:\/\/xn--tauernhhenweg-omb.com\/index.php?rest_route=%2Fwp%2Fv2%2Fcomments&post=1247"}],"version-history":[{"count":5,"href":"https:\/\/xn--tauernhhenweg-omb.com\/index.php?rest_route=\/wp\/v2\/posts\/1247\/revisions"}],"predecessor-version":[{"id":1279,"href":"https:\/\/xn--tauernhhenweg-omb.com\/index.php?rest_route=\/wp\/v2\/posts\/1247\/revisions\/1279"}],"wp:featuredmedia":[{"embeddable":true,"href":"https:\/\/xn--tauernhhenweg-omb.com\/index.php?rest_route=\/wp\/v2\/media\/41"}],"wp:attachment":[{"href":"https:\/\/xn--tauernhhenweg-omb.com\/index.php?rest_route=%2Fwp%2Fv2%2Fmedia&parent=1247"}],"wp:term":[{"taxonomy":"category","embeddable":true,"href":"https:\/\/xn--tauernhhenweg-omb.com\/index.php?rest_route=%2Fwp%2Fv2%2Fcategories&post=1247"},{"taxonomy":"post_tag","embeddable":true,"href":"https:\/\/xn--tauernhhenweg-omb.com\/index.php?rest_route=%2Fwp%2Fv2%2Ftags&post=1247"}],"curies":[{"name":"wp","href":"https:\/\/api.w.org\/{rel}","templated":true}]}}