{"id":470,"date":"2022-09-25T18:07:25","date_gmt":"2022-09-25T18:07:25","guid":{"rendered":"https:\/\/xn--tauernhhenweg-omb.com\/?p=470"},"modified":"2023-11-29T21:03:42","modified_gmt":"2023-11-29T21:03:42","slug":"huettentagung-verschoben","status":"publish","type":"post","link":"https:\/\/xn--tauernhhenweg-omb.com\/?p=470","title":{"rendered":"H\u00fcttentagung verschoben."},"content":{"rendered":"\n<p class=\"has-light-green-cyan-background-color has-background\"><strong>Eigentlich war sie f\u00fcr Oktober vorgesehen. Doch gerade den H\u00fcttenwirtsleuten kam das in diesem Jahr ungelegen, weil sich zum einen die Sommersaison in diesem Jahr doch erheblich von den beiden Vorjahren unterschied. Zum anderen machte ihnen ein fr\u00fches Wintergastspiel im September zu schaffen. So wurden die Betriebe zum Saisonende noch einmal kr\u00e4ftig gefordert.<\/strong><\/p>\n\n\n\n<p class=\"has-cyan-bluish-gray-background-color has-background\">Der Verbandsvorstand entschied daher, die geplante H\u00fcttentagung&nbsp;<strong>ins kommende Jahr<\/strong>&nbsp;zu&nbsp;<strong>verschieben<\/strong>. Patrik Hus\u00e1r, H\u00fcttenwirt des Hannoverhauses, der den Vorstand als Vertreter der Wirtsleute unterst\u00fctzt, schlug hierf\u00fcr einen Termin im&nbsp;<strong>Mai 2023<\/strong>&nbsp;vor. Der Vorstand wird hier\u00fcber dann in seiner Dezember-Sitzung beraten. Themen gibt es indes genug, insbesondere mit Blick auf m\u00f6gliche gemeinsame Kampagnen im kommenden Jahr.<\/p>\n\n\n\n<figure class=\"wp-block-image aligncenter size-large\"><img loading=\"lazy\" decoding=\"async\" width=\"1024\" height=\"576\" src=\"https:\/\/xn--tauernhhenweg-omb.com\/wp-content\/uploads\/2022\/10\/IVT_News_005mc-1024x576.jpg\" alt=\"\" class=\"wp-image-467\" srcset=\"https:\/\/xn--tauernhhenweg-omb.com\/wp-content\/uploads\/2022\/10\/IVT_News_005mc-1024x576.jpg 1024w, https:\/\/xn--tauernhhenweg-omb.com\/wp-content\/uploads\/2022\/10\/IVT_News_005mc-300x169.jpg 300w, https:\/\/xn--tauernhhenweg-omb.com\/wp-content\/uploads\/2022\/10\/IVT_News_005mc-768x432.jpg 768w, https:\/\/xn--tauernhhenweg-omb.com\/wp-content\/uploads\/2022\/10\/IVT_News_005mc-1536x865.jpg 1536w, https:\/\/xn--tauernhhenweg-omb.com\/wp-content\/uploads\/2022\/10\/IVT_News_005mc.jpg 1613w\" sizes=\"auto, (max-width: 1024px) 100vw, 1024px\" \/><figcaption class=\"wp-element-caption\"><em>Verschoben auf 2023: die n\u00e4chste H\u00fcttentagung des Verbands (Michael Cremer)<\/em><\/figcaption><\/figure>\n","protected":false},"excerpt":{"rendered":"<p>Eigentlich war sie f\u00fcr Oktober vorgesehen. Doch gerade den H\u00fcttenwirtsleuten kam das in diesem Jahr ungelegen, weil sich zum einen die Sommersaison in diesem Jahr doch erheblich von den beiden Vorjahren unterschied. Zum anderen machte ihnen ein fr\u00fches Wintergastspiel im September zu schaffen. So wurden die Betriebe zum Saisonende noch einmal kr\u00e4ftig gefordert. Der Verbandsvorstand &hellip; <\/p>\n<p class=\"link-more\"><a href=\"https:\/\/xn--tauernhhenweg-omb.com\/?p=470\" class=\"more-link\">Mehr <span class=\"screen-reader-text\">\u00fcber &#8222;H\u00fcttentagung verschoben.&#8220; <\/span>Lesen<\/a><\/p>\n","protected":false},"author":1,"featured_media":808,"comment_status":"closed","ping_status":"closed","sticky":false,"template":"","format":"standard","meta":{"footnotes":""},"categories":[5],"tags":[],"class_list":["post-470","post","type-post","status-publish","format-standard","has-post-thumbnail","hentry","category-news"],"_links":{"self":[{"href":"https:\/\/xn--tauernhhenweg-omb.com\/index.php?rest_route=\/wp\/v2\/posts\/470","targetHints":{"allow":["GET"]}}],"collection":[{"href":"https:\/\/xn--tauernhhenweg-omb.com\/index.php?rest_route=\/wp\/v2\/posts"}],"about":[{"href":"https:\/\/xn--tauernhhenweg-omb.com\/index.php?rest_route=\/wp\/v2\/types\/post"}],"author":[{"embeddable":true,"href":"https:\/\/xn--tauernhhenweg-omb.com\/index.php?rest_route=\/wp\/v2\/users\/1"}],"replies":[{"embeddable":true,"href":"https:\/\/xn--tauernhhenweg-omb.com\/index.php?rest_route=%2Fwp%2Fv2%2Fcomments&post=470"}],"version-history":[{"count":3,"href":"https:\/\/xn--tauernhhenweg-omb.com\/index.php?rest_route=\/wp\/v2\/posts\/470\/revisions"}],"predecessor-version":[{"id":889,"href":"https:\/\/xn--tauernhhenweg-omb.com\/index.php?rest_route=\/wp\/v2\/posts\/470\/revisions\/889"}],"wp:featuredmedia":[{"embeddable":true,"href":"https:\/\/xn--tauernhhenweg-omb.com\/index.php?rest_route=\/wp\/v2\/media\/808"}],"wp:attachment":[{"href":"https:\/\/xn--tauernhhenweg-omb.com\/index.php?rest_route=%2Fwp%2Fv2%2Fmedia&parent=470"}],"wp:term":[{"taxonomy":"category","embeddable":true,"href":"https:\/\/xn--tauernhhenweg-omb.com\/index.php?rest_route=%2Fwp%2Fv2%2Fcategories&post=470"},{"taxonomy":"post_tag","embeddable":true,"href":"https:\/\/xn--tauernhhenweg-omb.com\/index.php?rest_route=%2Fwp%2Fv2%2Ftags&post=470"}],"curies":[{"name":"wp","href":"https:\/\/api.w.org\/{rel}","templated":true}]}}